{"id":10424,"__str__":"Mo\u00e7\u00e3o n\u00ba 314 de 2017","link_detail_backend":"/materia/10424","metadata":{},"numero":314,"ano":2017,"numero_protocolo":null,"data_apresentacao":"2017-12-11","tipo_apresentacao":"","data_publicacao":null,"numero_origem_externa":"","ano_origem_externa":null,"data_origem_externa":null,"apelido":"","dias_prazo":null,"data_fim_prazo":null,"em_tramitacao":false,"polemica":null,"objeto":"","complementar":null,"ementa":"DE APLAUSOS AO PRESIDENTE DA SE\u00c7\u00c3O S\u00c3O PAULO DA ORDEM DOS ADVOGADO DO BRASIL, DR. MARCOS DA COSTA E A DRA. CARMEN DORA DE FREITAS FERREIRA, PRESIDENTE DA COMISS\u00c3O DE IGUALDADE RACIAL, PELA REALIZA\u00c7\u00c3O DO PR\u00caMIO BENEDICTO GALV\u00c3O ","indexacao":"DE APLAUSOS AO PRESIDENTE DA SE\u00c7\u00c3O S\u00c3O PAULO DA ORDEM DOS ADVOGADO DO BRASIL, DR. MARCOS DA COSTA E A DRA. CARMEN DORA DE FREITAS FERREIRA, PRESIDENTE DA COMISS\u00c3O DE IGUALDADE RACIAL, PELA REALIZA\u00c7\u00c3O DO PR\u00caMIO BENEDICTO GALV\u00c3O ","observacao":"DE APLAUSOS AO PRESIDENTE DA SE\u00c7\u00c3O S\u00c3O PAULO DA ORDEM DOS ADVOGADO DO BRASIL, DR. MARCOS DA COSTA E A DRA. CARMEN DORA DE FREITAS FERREIRA, PRESIDENTE DA COMISS\u00c3O DE IGUALDADE RACIAL, PELA REALIZA\u00c7\u00c3O DO PR\u00caMIO BENEDICTO GALV\u00c3O ","resultado":"","texto_original":"http://sapl.mococa.sp.leg.br/media/sapl/public/materialegislativa/2017/10424/10424_texto_integral.pdf","data_ultima_atualizacao":"2018-10-18T11:09:52.417722-03:00","ip":"","ultima_edicao":null,"tipo":7,"regime_tramitacao":1,"tipo_origem_externa":null,"local_origem_externa":null,"user":null,"anexadas":[],"autores":[45]}