{"id":12553,"__str__":"Requerimento n\u00ba 267 de 2019","link_detail_backend":"/materia/12553","metadata":{},"numero":267,"ano":2019,"numero_protocolo":1156,"data_apresentacao":"2019-06-24","tipo_apresentacao":"O","data_publicacao":null,"numero_origem_externa":"","ano_origem_externa":null,"data_origem_externa":null,"apelido":"","dias_prazo":null,"data_fim_prazo":null,"em_tramitacao":false,"polemica":null,"objeto":"","complementar":null,"ementa":"Requeiro \u00e0 Mesa, cumpridas as formalidades Regimentais da Casa, ap\u00f3s a manifesta\u00e7\u00e3o do Nobre Plen\u00e1rio, no sentido de ser oficiado ao Exmo. Sr. Prefeito Municipal, Dr. Felipe Niero Naufel, para que sua Excel\u00eancia, por meio do Departamento competente, preste as seguintes informa\u00e7\u00f5es \u00e0 esta Casa, a saber: No presente esclarecimento enviado a essa casa de Leis pelo diretor da educa\u00e7\u00e3o, consta uma reuni\u00e3o em que a vereadora Val Miranda tenha sido convidada e mencionada a participar de um referido representante da C\u00e2mara Federal de nome Sergio Matos, pelo partido do PRB. Qual a participa\u00e7\u00e3o de Sergio Matos, no eventual estudo da terceiriza\u00e7\u00e3o da merenda escolar?","indexacao":"","observacao":"","resultado":"","texto_original":"http://sapl.mococa.sp.leg.br/media/sapl/public/materialegislativa/2019/12553/req_267.pdf","data_ultima_atualizacao":"2019-06-25T16:09:07.724475-03:00","ip":"177.54.76.26","ultima_edicao":null,"tipo":3,"regime_tramitacao":1,"tipo_origem_externa":null,"local_origem_externa":null,"user":82,"anexadas":[],"autores":[46]}