{"id":18601,"__str__":"Mo\u00e7\u00e3o n\u00ba 172 de 2022","link_detail_backend":"/materia/18601","metadata":{},"numero":172,"ano":2022,"numero_protocolo":null,"data_apresentacao":"2022-11-16","tipo_apresentacao":"","data_publicacao":null,"numero_origem_externa":"","ano_origem_externa":null,"data_origem_externa":null,"apelido":"","dias_prazo":null,"data_fim_prazo":null,"em_tramitacao":false,"polemica":false,"objeto":"","complementar":false,"ementa":"De aplausos \u00e0 Etec \"Jo\u00e3o Baptista de Lima Figueiredo\", pela realiza\u00e7\u00e3o da feira de profissi\u00f5es.","indexacao":"","observacao":"","resultado":"","texto_original":"http://sapl.mococa.sp.leg.br/media/sapl/public/materialegislativa/2022/18601/brw283a4d1ae1ad_037324.pdf","data_ultima_atualizacao":"2022-11-18T13:06:09.330844-03:00","ip":"177.54.76.26","ultima_edicao":"2022-11-18T13:03:48.890107-03:00","tipo":7,"regime_tramitacao":1,"tipo_origem_externa":null,"local_origem_externa":null,"user":110,"anexadas":[],"autores":[52]}