{"id":19180,"__str__":"Requerimento n\u00ba 218 de 2023","link_detail_backend":"/materia/19180","metadata":{},"numero":218,"ano":2023,"numero_protocolo":null,"data_apresentacao":"2023-04-10","tipo_apresentacao":"E","data_publicacao":null,"numero_origem_externa":"","ano_origem_externa":null,"data_origem_externa":null,"apelido":"","dias_prazo":null,"data_fim_prazo":null,"em_tramitacao":true,"polemica":false,"objeto":"","complementar":false,"ementa":"Requer manifesta\u00e7\u00e3o do Poder Executivo acerca das sugest\u00f5es encaminhadas pela Comiss\u00e3o de Obras e Servi\u00e7os desta Casa para incorporar ao termo de refer\u00eancia para contrata\u00e7\u00e3o de empresa especializada para a execu\u00e7\u00e3o dos Servi\u00e7os de Manuten\u00e7\u00e3o do Sistema de Ilumina\u00e7\u00e3o P\u00fablica no Munic\u00edpio.","indexacao":"","observacao":"","resultado":"","texto_original":"http://sapl.mococa.sp.leg.br/media/sapl/public/materialegislativa/2023/19180/req.218.pdf","data_ultima_atualizacao":"2023-04-12T11:52:45.871650-03:00","ip":"177.54.76.26","ultima_edicao":"2023-04-12T11:45:26.733022-03:00","tipo":3,"regime_tramitacao":1,"tipo_origem_externa":null,"local_origem_externa":null,"user":114,"anexadas":[],"autores":[93,101]}