{"id":19224,"__str__":"Requerimento n\u00ba 252 de 2023","link_detail_backend":"/materia/19224","metadata":{},"numero":252,"ano":2023,"numero_protocolo":835,"data_apresentacao":"2023-04-24","tipo_apresentacao":"E","data_publicacao":null,"numero_origem_externa":"","ano_origem_externa":null,"data_origem_externa":null,"apelido":"","dias_prazo":null,"data_fim_prazo":null,"em_tramitacao":true,"polemica":false,"objeto":"","complementar":false,"ementa":"Solicita ao Poder Executivo que designe 02 caminh\u00f5es de areia, para quadra da Pra\u00e7a dos Ip\u00eas, na Rua \u00c9der Ferreira da Costa, 285, Jd. Lago dos Ip\u00eas.","indexacao":"","observacao":"","resultado":"","texto_original":"http://sapl.mococa.sp.leg.br/media/sapl/public/materialegislativa/2023/19224/requerimento_252.pdf","data_ultima_atualizacao":"2023-04-25T15:04:29.349198-03:00","ip":"177.54.76.26","ultima_edicao":"2023-04-25T15:04:29.348951-03:00","tipo":3,"regime_tramitacao":1,"tipo_origem_externa":null,"local_origem_externa":null,"user":72,"anexadas":[],"autores":[102,96]}