{"id":19417,"__str__":"Requerimento n\u00ba 395 de 2023","link_detail_backend":"/materia/19417","metadata":{},"numero":395,"ano":2023,"numero_protocolo":1411,"data_apresentacao":"2023-06-05","tipo_apresentacao":"","data_publicacao":null,"numero_origem_externa":"","ano_origem_externa":null,"data_origem_externa":null,"apelido":"","dias_prazo":null,"data_fim_prazo":null,"em_tramitacao":true,"polemica":false,"objeto":"","complementar":false,"ementa":"Solicita ao Exmo. Sr. Prefeito Municipal os servi\u00e7os de realoca\u00e7\u00e3o de equipamentos de exercicios para deficientes f\u00edsicos, da pra\u00e7a Oscar Villares para local apropriado (PISTA DE ATLETISMO).","indexacao":"","observacao":"","resultado":"","texto_original":null,"data_ultima_atualizacao":"2023-06-06T15:59:42.725783-03:00","ip":"177.54.76.26","ultima_edicao":"2023-06-06T15:59:42.725542-03:00","tipo":3,"regime_tramitacao":1,"tipo_origem_externa":null,"local_origem_externa":null,"user":114,"anexadas":[],"autores":[93]}