{"id":19550,"__str__":"Requerimento n\u00ba 472 de 2023","link_detail_backend":"/materia/19550","metadata":{},"numero":472,"ano":2023,"numero_protocolo":null,"data_apresentacao":"2023-08-07","tipo_apresentacao":"","data_publicacao":null,"numero_origem_externa":"","ano_origem_externa":null,"data_origem_externa":null,"apelido":"","dias_prazo":null,"data_fim_prazo":null,"em_tramitacao":true,"polemica":false,"objeto":"","complementar":false,"ementa":"Solicita ao Poder Executivo Provid\u00eancias visando a sanar problem\u00e1tica na Pra\u00e7a Ant\u00f4nio Prado, no que se refere ao uso indevido do espa\u00e7o p\u00fablico para atividades ilic\u00edtas.","indexacao":"","observacao":"","resultado":"","texto_original":"http://sapl.mococa.sp.leg.br/media/sapl/public/materialegislativa/2023/19550/req_472-2023.pdf","data_ultima_atualizacao":"2023-08-09T09:44:51.971456-03:00","ip":"177.54.76.26","ultima_edicao":"2023-08-09T09:41:46.248541-03:00","tipo":3,"regime_tramitacao":1,"tipo_origem_externa":null,"local_origem_externa":null,"user":113,"anexadas":[],"autores":[96]}