{"id":19819,"__str__":"Requerimento n\u00ba 628 de 2023","link_detail_backend":"/materia/19819","metadata":{},"numero":628,"ano":2023,"numero_protocolo":null,"data_apresentacao":"2023-10-09","tipo_apresentacao":"","data_publicacao":null,"numero_origem_externa":"","ano_origem_externa":null,"data_origem_externa":null,"apelido":"","dias_prazo":null,"data_fim_prazo":null,"em_tramitacao":true,"polemica":false,"objeto":"","complementar":false,"ementa":"Solicita ao Poder Executivo que tome as medidas necess\u00e1rias para efetuar o reparo asf\u00e1ltico na Rua Pedro Ferreira de Souza, em Igara\u00ed, no trecho danificado devido \u00e0 abertura da rua para a realiza\u00e7\u00e3o de obras.","indexacao":"","observacao":"","resultado":"","texto_original":"http://sapl.mococa.sp.leg.br/media/sapl/public/materialegislativa/2023/19819/req_628-2023.pdf","data_ultima_atualizacao":"2023-10-10T11:56:27.454998-03:00","ip":"177.54.76.26","ultima_edicao":"2023-10-10T11:53:52.196215-03:00","tipo":3,"regime_tramitacao":1,"tipo_origem_externa":null,"local_origem_externa":null,"user":113,"anexadas":[],"autores":[96]}