{"id":19941,"__str__":"Requerimento n\u00ba 695 de 2023","link_detail_backend":"/materia/19941","metadata":{},"numero":695,"ano":2023,"numero_protocolo":null,"data_apresentacao":"2023-10-30","tipo_apresentacao":"","data_publicacao":null,"numero_origem_externa":"","ano_origem_externa":null,"data_origem_externa":null,"apelido":"","dias_prazo":null,"data_fim_prazo":null,"em_tramitacao":true,"polemica":false,"objeto":"","complementar":false,"ementa":"Solicita ao Excelent\u00edssimo Senhor Prefeito Municipal esclarecimentos referentes \u00e0 atual situa\u00e7\u00e3o de disponibilidade de vagas para crian\u00e7as de 0 a 3 anos escolas p\u00fablicas municipais de Mococa.","indexacao":"","observacao":"","resultado":"","texto_original":"http://sapl.mococa.sp.leg.br/media/sapl/public/materialegislativa/2023/19941/req_695-2023.pdf","data_ultima_atualizacao":"2023-11-01T10:46:59.644781-03:00","ip":"177.54.76.26","ultima_edicao":"2023-11-01T10:44:40.115323-03:00","tipo":3,"regime_tramitacao":1,"tipo_origem_externa":null,"local_origem_externa":null,"user":113,"anexadas":[],"autores":[95]}