{"id":23390,"__str__":"Indica\u00e7\u00e3o n\u00ba 125 de 2025","link_detail_backend":"/materia/23390","metadata":{},"numero":125,"ano":2025,"numero_protocolo":1535,"data_apresentacao":"2025-05-19","tipo_apresentacao":"","data_publicacao":null,"numero_origem_externa":"","ano_origem_externa":null,"data_origem_externa":null,"apelido":"","dias_prazo":null,"data_fim_prazo":null,"em_tramitacao":false,"polemica":false,"objeto":"","complementar":false,"ementa":"Reitera a Indica\u00e7\u00e3o n\u00ba 39/2025, solicitando ao Prefeito Municipal que providencia Projeto de Lei garantindo prioridade na matr\u00edcula escolar de crian\u00e7as e adolescentes com defici\u00eancia, incluindo aquelas com Transtorno do Espectro Autista (TEA), no munic\u00edpio de Mococa, conforme anteprojeto de lei que acompanha esta proposi\u00e7\u00e3o.","indexacao":"","observacao":"","resultado":"","texto_original":"http://sapl.mococa.sp.leg.br/media/sapl/public/materialegislativa/2025/23390/ind_125.pdf","data_ultima_atualizacao":"2025-05-21T09:59:45.181628-03:00","ip":"177.54.76.26","ultima_edicao":"2025-05-21T09:59:45.178274-03:00","tipo":8,"regime_tramitacao":1,"tipo_origem_externa":null,"local_origem_externa":null,"user":72,"anexadas":[],"autores":[125]}