{"id":24010,"__str__":"Requerimento n\u00ba 684 de 2025","link_detail_backend":"/materia/24010","metadata":{},"numero":684,"ano":2025,"numero_protocolo":2970,"data_apresentacao":"2025-09-15","tipo_apresentacao":"","data_publicacao":null,"numero_origem_externa":"","ano_origem_externa":null,"data_origem_externa":null,"apelido":"","dias_prazo":null,"data_fim_prazo":null,"em_tramitacao":false,"polemica":false,"objeto":"","complementar":false,"ementa":"Reitera o Requerimento n\u00ba 321/2025, datado de 05 de maio de 2025, que solicita recapeamento asf\u00e1ltico das ruas Sebasti\u00e3o Micael de Souza, Alexandre Cunali e Francisco Ant\u00f4nio Correa, devido \u00e0s m\u00e1s condi\u00e7\u00f5es de trafegabilidade ocasionadas pela grande quantidade de buracos.","indexacao":"","observacao":"","resultado":"","texto_original":"http://sapl.mococa.sp.leg.br/media/sapl/public/materialegislativa/2025/24010/req_684-2025.pdf","data_ultima_atualizacao":"2025-09-16T13:54:27.199527-03:00","ip":"177.54.76.26","ultima_edicao":"2025-09-16T13:54:27.197131-03:00","tipo":3,"regime_tramitacao":1,"tipo_origem_externa":null,"local_origem_externa":null,"user":72,"anexadas":[],"autores":[71]}