{"id":7846,"__str__":"Requerimento n\u00ba 433 de 2011","link_detail_backend":"/materia/7846","metadata":{},"numero":433,"ano":2011,"numero_protocolo":null,"data_apresentacao":"2011-05-02","tipo_apresentacao":"","data_publicacao":null,"numero_origem_externa":"","ano_origem_externa":null,"data_origem_externa":null,"apelido":"","dias_prazo":null,"data_fim_prazo":null,"em_tramitacao":false,"polemica":null,"objeto":"","complementar":null,"ementa":"SOLICITA \u00c0 EXMA. DIRETORA DE EDUCA\u00c7\u00c3O, INFORMA\u00c7\u00d5ES SOBRE A IMPLANTA\u00c7\u00c3O DO PROGRAMA JUSTI\u00c7A E CIDADANIA TAMB\u00c9M SE APRENDEM NA ESCOLA. ","indexacao":"SOLICITA \u00c0 EXMA. DIRETORA DE EDUCA\u00c7\u00c3O, INFORMA\u00c7\u00d5ES SOBRE A IMPLANTA\u00c7\u00c3O DO PROGRAMA JUSTI\u00c7A E CIDADANIA TAMB\u00c9M SE APRENDEM NA ESCOLA. ","observacao":"SOLICITA \u00c0 EXMA. DIRETORA DE EDUCA\u00c7\u00c3O, INFORMA\u00c7\u00d5ES SOBRE A IMPLANTA\u00c7\u00c3O DO PROGRAMA JUSTI\u00c7A E CIDADANIA TAMB\u00c9M SE APRENDEM NA ESCOLA. ","resultado":"","texto_original":"http://sapl.mococa.sp.leg.br/media/sapl/public/materialegislativa/2011/7846/7846_texto_integral.pdf","data_ultima_atualizacao":"2018-10-18T11:09:56.882230-03:00","ip":"","ultima_edicao":null,"tipo":3,"regime_tramitacao":1,"tipo_origem_externa":null,"local_origem_externa":null,"user":null,"anexadas":[],"autores":[62]}