{"id":8628,"__str__":"Requerimento n\u00ba 573 de 2011","link_detail_backend":"/materia/8628","metadata":{},"numero":573,"ano":2011,"numero_protocolo":null,"data_apresentacao":"2011-05-30","tipo_apresentacao":"","data_publicacao":null,"numero_origem_externa":"","ano_origem_externa":null,"data_origem_externa":null,"apelido":"","dias_prazo":null,"data_fim_prazo":null,"em_tramitacao":false,"polemica":null,"objeto":"","complementar":null,"ementa":"SOLICITA INFORMA\u00c7\u00d5ES AO EXMO. DIRETOR DA SABESP REGIONAL SOBRE A COBRAN\u00c7A DE TARIFA SOCIAL EM MOCOCA. ","indexacao":"SOLICITA INFORMA\u00c7\u00d5ES AO EXMO. DIRETOR DA SABESP REGIONAL SOBRE A COBRAN\u00c7A DE TARIFA SOCIAL EM MOCOCA. ","observacao":"SOLICITA INFORMA\u00c7\u00d5ES AO EXMO. DIRETOR DA SABESP REGIONAL SOBRE A COBRAN\u00c7A DE TARIFA SOCIAL EM MOCOCA. ","resultado":"","texto_original":"http://sapl.mococa.sp.leg.br/media/sapl/public/materialegislativa/2011/8628/8628_texto_integral.pdf","data_ultima_atualizacao":"2018-10-18T11:09:50.423967-03:00","ip":"","ultima_edicao":null,"tipo":3,"regime_tramitacao":1,"tipo_origem_externa":null,"local_origem_externa":null,"user":null,"anexadas":[],"autores":[62]}