{"id":8879,"__str__":"Requerimento n\u00ba 444 de 2011","link_detail_backend":"/materia/8879","metadata":{},"numero":444,"ano":2011,"numero_protocolo":null,"data_apresentacao":"2011-05-02","tipo_apresentacao":"","data_publicacao":null,"numero_origem_externa":"","ano_origem_externa":null,"data_origem_externa":null,"apelido":"","dias_prazo":null,"data_fim_prazo":null,"em_tramitacao":false,"polemica":null,"objeto":"","complementar":null,"ementa":"SOLICITA EMPENHO DO DEPUTADO FEDERAL ARNALDO JARDIM PARA A CONCESS\u00c3O DE VERBA DESTINADA \u00c0 RECUPERA\u00c7\u00c3O DO PARQUE ECOL\u00d3GICO S\u00c3O FRANCISCO DE ASSIS. ","indexacao":"SOLICITA EMPENHO DO DEPUTADO FEDERAL ARNALDO JARDIM PARA A CONCESS\u00c3O DE VERBA DESTINADA \u00c0 RECUPERA\u00c7\u00c3O DO PARQUE ECOL\u00d3GICO S\u00c3O FRANCISCO DE ASSIS. ","observacao":"SOLICITA EMPENHO DO DEPUTADO FEDERAL ARNALDO JARDIM PARA A CONCESS\u00c3O DE VERBA DESTINADA \u00c0 RECUPERA\u00c7\u00c3O DO PARQUE ECOL\u00d3GICO S\u00c3O FRANCISCO DE ASSIS. ","resultado":"","texto_original":"http://sapl.mococa.sp.leg.br/media/sapl/public/materialegislativa/2011/8879/8879_texto_integral.pdf","data_ultima_atualizacao":"2018-10-18T11:09:53.355420-03:00","ip":"","ultima_edicao":null,"tipo":3,"regime_tramitacao":1,"tipo_origem_externa":null,"local_origem_externa":null,"user":null,"anexadas":[],"autores":[60]}