{"id":9275,"__str__":"Requerimento n\u00ba 138 de 2011","link_detail_backend":"/materia/9275","metadata":{},"numero":138,"ano":2011,"numero_protocolo":null,"data_apresentacao":"2011-08-28","tipo_apresentacao":"","data_publicacao":null,"numero_origem_externa":"","ano_origem_externa":null,"data_origem_externa":null,"apelido":"","dias_prazo":null,"data_fim_prazo":null,"em_tramitacao":false,"polemica":null,"objeto":"","complementar":null,"ementa":"SOLICITA INFORMA\u00c7\u00d5ES A ASSOCIA\u00c7\u00c3O DOS ENGENHEIROS E ARQUITETOS DE MOCOCA SOBRE FISCALIZA\u00c7\u00c3O EM IM\u00d3VEL NA RUA CEL. JOS\u00c9 PEREIRA. ","indexacao":"SOLICITA INFORMA\u00c7\u00d5ES A ASSOCIA\u00c7\u00c3O DOS ENGENHEIROS E ARQUITETOS DE MOCOCA SOBRE FISCALIZA\u00c7\u00c3O EM IM\u00d3VEL NA RUA CEL. JOS\u00c9 PEREIRA. ","observacao":"SOLICITA INFORMA\u00c7\u00d5ES A ASSOCIA\u00c7\u00c3O DOS ENGENHEIROS E ARQUITETOS DE MOCOCA SOBRE FISCALIZA\u00c7\u00c3O EM IM\u00d3VEL NA RUA CEL. JOS\u00c9 PEREIRA. ","resultado":"","texto_original":"http://sapl.mococa.sp.leg.br/media/sapl/public/materialegislativa/2011/9275/9275_texto_integral.pdf","data_ultima_atualizacao":"2018-10-18T11:10:00.459089-03:00","ip":"","ultima_edicao":null,"tipo":3,"regime_tramitacao":1,"tipo_origem_externa":null,"local_origem_externa":null,"user":null,"anexadas":[],"autores":[60]}