{"id":9441,"__str__":"Requerimento n\u00ba 256 de 2011","link_detail_backend":"/materia/9441","metadata":{},"numero":256,"ano":2011,"numero_protocolo":null,"data_apresentacao":"2011-03-28","tipo_apresentacao":"","data_publicacao":null,"numero_origem_externa":"","ano_origem_externa":null,"data_origem_externa":null,"apelido":"","dias_prazo":null,"data_fim_prazo":null,"em_tramitacao":false,"polemica":null,"objeto":"","complementar":null,"ementa":"SOLICITA INFORMA\u00c7\u00d5ES AO EXMO PREFEITO MUNICIPAL SOBRE A OFERTA DE AULAS DE M\u00daSICAS NAS ESCOLAS DA REDE MUNICIPAL EM MOCOCA. ","indexacao":"SOLICITA INFORMA\u00c7\u00d5ES AO EXMO PREFEITO MUNICIPAL SOBRE A OFERTA DE AULAS DE M\u00daSICAS NAS ESCOLAS DA REDE MUNICIPAL EM MOCOCA. ","observacao":"SOLICITA INFORMA\u00c7\u00d5ES AO EXMO PREFEITO MUNICIPAL SOBRE A OFERTA DE AULAS DE M\u00daSICAS NAS ESCOLAS DA REDE MUNICIPAL EM MOCOCA. ","resultado":"","texto_original":"http://sapl.mococa.sp.leg.br/media/sapl/public/materialegislativa/2011/9441/9441_texto_integral.pdf","data_ultima_atualizacao":"2018-10-18T11:09:49.910320-03:00","ip":"","ultima_edicao":null,"tipo":3,"regime_tramitacao":1,"tipo_origem_externa":null,"local_origem_externa":null,"user":null,"anexadas":[],"autores":[62]}